{"id":40743,"count":2,"description":"Tapasztalja meg a hordozhat\u00f3 sz\u00f3rakoztat\u00e1s j\u00f6v\u0151j\u00e9t a legjobb mini kivet\u00edt\u0151kkel. Ezekkel a kompakt \u00e9s nagy teljes\u00edtm\u00e9ny\u0171 eszk\u00f6z\u00f6kkel b\u00e1rhov\u00e1 kiv\u00e1l\u00f3 min\u0151s\u00e9g\u0171 k\u00e9peket \u00e9s vide\u00f3kat vet\u00edthet. Ak\u00e1r \u00fczleti prezent\u00e1ci\u00f3khoz, filmestekhez vagy j\u00e1t\u00e9khoz van sz\u00fcks\u00e9ge egy kism\u00e9ret\u0171 projektorra, mini projektoraink v\u00e1laszt\u00e9ka mindenki sz\u00e1m\u00e1ra k\u00edn\u00e1l valamit. \u00c9lvezze a t\u00e1sk\u00e1j\u00e1ban elf\u00e9r\u0151 hordozhat\u00f3 projektor k\u00e9nyelm\u00e9t, amely k\u00e9szen \u00e1ll arra, hogy egy pillanat alatt leny\u0171g\u00f6z\u0151 l\u00e1tv\u00e1nyt ny\u00fajtson.   \nMiniprojektorainkat a sokoldal\u00fas\u00e1g \u00e9s a k\u00f6nny\u0171 haszn\u00e1lat \u00e9rdek\u00e9ben tervezt\u00fck. Sz\u00e1mos csatlakoztat\u00e1si lehet\u0151s\u00e9ggel rendelkeznek, amelyek biztos\u00edtj\u00e1k a kompatibilit\u00e1st az \u00d6n eszk\u00f6zeivel, \u00e9s olyan funkci\u00f3kat k\u00edn\u00e1lnak, mint a be\u00e9p\u00edtett akkumul\u00e1torok a hosszabb haszn\u00e1lat \u00e9rdek\u00e9ben. Egy mini projektorral b\u00e1rmilyen teret szem\u00e9lyes sz\u00ednh\u00e1zz\u00e1 vagy prezent\u00e1ci\u00f3s szob\u00e1v\u00e1 alak\u00edthat. Fedezze fel a t\u00f6k\u00e9letes kism\u00e9ret\u0171 kivet\u00edt\u0151t, amellyel m\u00e9g ma n\u00f6velheti sz\u00f3rakoztat\u00f3 vagy szakmai ig\u00e9nyeit.   ","link":"https:\/\/droix.eu\/hu\/product-category\/mini-projektorok\/","name":"Mini projektorok","slug":"mini-projektorok","taxonomy":"product_cat","parent":0,"meta":[],"acf":[],"aioseo_head":"\n\t\t<!-- All in One SEO Pro 4.9.6.2 - aioseo.com -->\n\t<meta name=\"description\" content=\"Tapasztalja meg a hordozhat\u00f3 sz\u00f3rakoztat\u00e1s j\u00f6v\u0151j\u00e9t a legjobb mini kivet\u00edt\u0151kkel. Ezekkel a kompakt \u00e9s nagy teljes\u00edtm\u00e9ny\u0171 eszk\u00f6z\u00f6kkel b\u00e1rhov\u00e1 kiv\u00e1l\u00f3 min\u0151s\u00e9g\u0171 k\u00e9peket \u00e9s vide\u00f3kat vet\u00edthet. Ak\u00e1r \u00fczleti prezent\u00e1ci\u00f3khoz, filmestekhez vagy j\u00e1t\u00e9khoz van sz\u00fcks\u00e9ge egy kism\u00e9ret\u0171 projektorra, mini projektoraink v\u00e1laszt\u00e9ka mindenki sz\u00e1m\u00e1ra k\u00edn\u00e1l valamit. \u00c9lvezze a t\u00e1sk\u00e1j\u00e1ban elf\u00e9r\u0151 hordozhat\u00f3 projektor k\u00e9nyelm\u00e9t, amely k\u00e9szen \u00e1ll arra, hogy egy pillanat alatt leny\u0171g\u00f6z\u0151 l\u00e1tv\u00e1nyt ny\u00fajtson. Miniprojektorainkat a sokoldal\u00fas\u00e1g \u00e9s a k\u00f6nny\u0171 haszn\u00e1lat \u00e9rdek\u00e9ben tervezt\u00fck. Sz\u00e1mos csatlakoztat\u00e1si lehet\u0151s\u00e9ggel rendelkeznek, amelyek biztos\u00edtj\u00e1k a kompatibilit\u00e1st az \u00d6n eszk\u00f6zeivel, \u00e9s olyan funkci\u00f3kat k\u00edn\u00e1lnak, mint a be\u00e9p\u00edtett akkumul\u00e1torok a hosszabb haszn\u00e1lat \u00e9rdek\u00e9ben. Egy mini projektorral b\u00e1rmilyen teret szem\u00e9lyes sz\u00ednh\u00e1zz\u00e1 vagy prezent\u00e1ci\u00f3s szob\u00e1v\u00e1 alak\u00edthat. Fedezze fel a t\u00f6k\u00e9letes kism\u00e9ret\u0171 kivet\u00edt\u0151t, amellyel m\u00e9g ma n\u00f6velheti sz\u00f3rakoztat\u00f3 vagy szakmai ig\u00e9nyeit.\" \/>\n\t<meta name=\"robots\" content=\"max-image-preview:large\" \/>\n\t<link rel=\"canonical\" href=\"https:\/\/droix.eu\/hu\/product-category\/mini-projektorok\/\" \/>\n\t<meta name=\"generator\" content=\"All in One SEO Pro (AIOSEO) 4.9.6.2\" \/>\n\t\t<meta property=\"og:locale\" content=\"hu_HU\" \/>\n\t\t<meta property=\"og:site_name\" content=\"DROIX EU - Get the latest Mini PCs, Ultrabook, PC Gaming Handhelds and more!\" \/>\n\t\t<meta property=\"og:type\" content=\"article\" \/>\n\t\t<meta property=\"og:title\" content=\"Mini projektorok - DROIX EU\" \/>\n\t\t<meta property=\"og:description\" content=\"Tapasztalja meg a hordozhat\u00f3 sz\u00f3rakoztat\u00e1s j\u00f6v\u0151j\u00e9t a legjobb mini kivet\u00edt\u0151kkel. Ezekkel a kompakt \u00e9s nagy teljes\u00edtm\u00e9ny\u0171 eszk\u00f6z\u00f6kkel b\u00e1rhov\u00e1 kiv\u00e1l\u00f3 min\u0151s\u00e9g\u0171 k\u00e9peket \u00e9s vide\u00f3kat vet\u00edthet. Ak\u00e1r \u00fczleti prezent\u00e1ci\u00f3khoz, filmestekhez vagy j\u00e1t\u00e9khoz van sz\u00fcks\u00e9ge egy kism\u00e9ret\u0171 projektorra, mini projektoraink v\u00e1laszt\u00e9ka mindenki sz\u00e1m\u00e1ra k\u00edn\u00e1l valamit. \u00c9lvezze a t\u00e1sk\u00e1j\u00e1ban elf\u00e9r\u0151 hordozhat\u00f3 projektor k\u00e9nyelm\u00e9t, amely k\u00e9szen \u00e1ll arra, hogy egy pillanat alatt leny\u0171g\u00f6z\u0151 l\u00e1tv\u00e1nyt ny\u00fajtson. Miniprojektorainkat a sokoldal\u00fas\u00e1g \u00e9s a k\u00f6nny\u0171 haszn\u00e1lat \u00e9rdek\u00e9ben tervezt\u00fck. Sz\u00e1mos csatlakoztat\u00e1si lehet\u0151s\u00e9ggel rendelkeznek, amelyek biztos\u00edtj\u00e1k a kompatibilit\u00e1st az \u00d6n eszk\u00f6zeivel, \u00e9s olyan funkci\u00f3kat k\u00edn\u00e1lnak, mint a be\u00e9p\u00edtett akkumul\u00e1torok a hosszabb haszn\u00e1lat \u00e9rdek\u00e9ben. Egy mini projektorral b\u00e1rmilyen teret szem\u00e9lyes sz\u00ednh\u00e1zz\u00e1 vagy prezent\u00e1ci\u00f3s szob\u00e1v\u00e1 alak\u00edthat. Fedezze fel a t\u00f6k\u00e9letes kism\u00e9ret\u0171 kivet\u00edt\u0151t, amellyel m\u00e9g ma n\u00f6velheti sz\u00f3rakoztat\u00f3 vagy szakmai ig\u00e9nyeit.\" \/>\n\t\t<meta property=\"og:url\" content=\"https:\/\/droix.eu\/hu\/product-category\/mini-projektorok\/\" \/>\n\t\t<meta property=\"og:image\" content=\"https:\/\/stage.droix.eu\/wp-content\/uploads\/2024\/06\/droix-v2-light-logo.png\" \/>\n\t\t<meta property=\"og:image:secure_url\" content=\"https:\/\/stage.droix.eu\/wp-content\/uploads\/2024\/06\/droix-v2-light-logo.png\" \/>\n\t\t<meta property=\"article:publisher\" content=\"https:\/\/www.facebook.com\/DroiX.Store\" \/>\n\t\t<meta name=\"twitter:card\" content=\"summary_large_image\" \/>\n\t\t<meta name=\"twitter:site\" content=\"@DroiX_Store\" \/>\n\t\t<meta name=\"twitter:title\" content=\"Mini projektorok - DROIX EU\" \/>\n\t\t<meta name=\"twitter:description\" content=\"Tapasztalja meg a hordozhat\u00f3 sz\u00f3rakoztat\u00e1s j\u00f6v\u0151j\u00e9t a legjobb mini kivet\u00edt\u0151kkel. Ezekkel a kompakt \u00e9s nagy teljes\u00edtm\u00e9ny\u0171 eszk\u00f6z\u00f6kkel b\u00e1rhov\u00e1 kiv\u00e1l\u00f3 min\u0151s\u00e9g\u0171 k\u00e9peket \u00e9s vide\u00f3kat vet\u00edthet. Ak\u00e1r \u00fczleti prezent\u00e1ci\u00f3khoz, filmestekhez vagy j\u00e1t\u00e9khoz van sz\u00fcks\u00e9ge egy kism\u00e9ret\u0171 projektorra, mini projektoraink v\u00e1laszt\u00e9ka mindenki sz\u00e1m\u00e1ra k\u00edn\u00e1l valamit. \u00c9lvezze a t\u00e1sk\u00e1j\u00e1ban elf\u00e9r\u0151 hordozhat\u00f3 projektor k\u00e9nyelm\u00e9t, amely k\u00e9szen \u00e1ll arra, hogy egy pillanat alatt leny\u0171g\u00f6z\u0151 l\u00e1tv\u00e1nyt ny\u00fajtson. Miniprojektorainkat a sokoldal\u00fas\u00e1g \u00e9s a k\u00f6nny\u0171 haszn\u00e1lat \u00e9rdek\u00e9ben tervezt\u00fck. Sz\u00e1mos csatlakoztat\u00e1si lehet\u0151s\u00e9ggel rendelkeznek, amelyek biztos\u00edtj\u00e1k a kompatibilit\u00e1st az \u00d6n eszk\u00f6zeivel, \u00e9s olyan funkci\u00f3kat k\u00edn\u00e1lnak, mint a be\u00e9p\u00edtett akkumul\u00e1torok a hosszabb haszn\u00e1lat \u00e9rdek\u00e9ben. Egy mini projektorral b\u00e1rmilyen teret szem\u00e9lyes sz\u00ednh\u00e1zz\u00e1 vagy prezent\u00e1ci\u00f3s szob\u00e1v\u00e1 alak\u00edthat. Fedezze fel a t\u00f6k\u00e9letes kism\u00e9ret\u0171 kivet\u00edt\u0151t, amellyel m\u00e9g ma n\u00f6velheti sz\u00f3rakoztat\u00f3 vagy szakmai ig\u00e9nyeit.\" \/>\n\t\t<meta name=\"twitter:image\" content=\"https:\/\/stage.droix.eu\/wp-content\/uploads\/2024\/06\/droix-v2-light-logo.png\" \/>\n\t\t<script type=\"application\/ld+json\" class=\"aioseo-schema\">\n\t\t\t{\"@context\":\"https:\\\/\\\/schema.org\",\"@graph\":[{\"@type\":\"BreadcrumbList\",\"@id\":\"https:\\\/\\\/droix.eu\\\/hu\\\/wp-json\\\/wp\\\/v2\\\/product_cat\\\/40743\\\/#breadcrumblist\",\"itemListElement\":[{\"@type\":\"ListItem\",\"@id\":\"https:\\\/\\\/droix.eu\\\/hu\\\/#listItem\",\"position\":1,\"name\":\"Home\",\"item\":\"https:\\\/\\\/droix.eu\\\/hu\\\/\",\"nextItem\":{\"@type\":\"ListItem\",\"@id\":\"https:\\\/\\\/droix.eu\\\/hu\\\/product-category\\\/mini-projektorok\\\/#listItem\",\"name\":\"Mini projektorok\"}},{\"@type\":\"ListItem\",\"@id\":\"https:\\\/\\\/droix.eu\\\/hu\\\/product-category\\\/mini-projektorok\\\/#listItem\",\"position\":2,\"name\":\"Mini projektorok\",\"previousItem\":{\"@type\":\"ListItem\",\"@id\":\"https:\\\/\\\/droix.eu\\\/hu\\\/#listItem\",\"name\":\"Home\"}}]},{\"@type\":\"CollectionPage\",\"@id\":\"https:\\\/\\\/droix.eu\\\/hu\\\/wp-json\\\/wp\\\/v2\\\/product_cat\\\/40743\\\/#collectionpage\",\"url\":\"https:\\\/\\\/droix.eu\\\/hu\\\/wp-json\\\/wp\\\/v2\\\/product_cat\\\/40743\\\/\",\"name\":\"Mini projektorok - DROIX EU\",\"description\":\"Tapasztalja meg a hordozhat\\u00f3 sz\\u00f3rakoztat\\u00e1s j\\u00f6v\\u0151j\\u00e9t a legjobb mini kivet\\u00edt\\u0151kkel. Ezekkel a kompakt \\u00e9s nagy teljes\\u00edtm\\u00e9ny\\u0171 eszk\\u00f6z\\u00f6kkel b\\u00e1rhov\\u00e1 kiv\\u00e1l\\u00f3 min\\u0151s\\u00e9g\\u0171 k\\u00e9peket \\u00e9s vide\\u00f3kat vet\\u00edthet. Ak\\u00e1r \\u00fczleti prezent\\u00e1ci\\u00f3khoz, filmestekhez vagy j\\u00e1t\\u00e9khoz van sz\\u00fcks\\u00e9ge egy kism\\u00e9ret\\u0171 projektorra, mini projektoraink v\\u00e1laszt\\u00e9ka mindenki sz\\u00e1m\\u00e1ra k\\u00edn\\u00e1l valamit. \\u00c9lvezze a t\\u00e1sk\\u00e1j\\u00e1ban elf\\u00e9r\\u0151 hordozhat\\u00f3 projektor k\\u00e9nyelm\\u00e9t, amely k\\u00e9szen \\u00e1ll arra, hogy egy pillanat alatt leny\\u0171g\\u00f6z\\u0151 l\\u00e1tv\\u00e1nyt ny\\u00fajtson. Miniprojektorainkat a sokoldal\\u00fas\\u00e1g \\u00e9s a k\\u00f6nny\\u0171 haszn\\u00e1lat \\u00e9rdek\\u00e9ben tervezt\\u00fck. Sz\\u00e1mos csatlakoztat\\u00e1si lehet\\u0151s\\u00e9ggel rendelkeznek, amelyek biztos\\u00edtj\\u00e1k a kompatibilit\\u00e1st az \\u00d6n eszk\\u00f6zeivel, \\u00e9s olyan funkci\\u00f3kat k\\u00edn\\u00e1lnak, mint a be\\u00e9p\\u00edtett akkumul\\u00e1torok a hosszabb haszn\\u00e1lat \\u00e9rdek\\u00e9ben. Egy mini projektorral b\\u00e1rmilyen teret szem\\u00e9lyes sz\\u00ednh\\u00e1zz\\u00e1 vagy prezent\\u00e1ci\\u00f3s szob\\u00e1v\\u00e1 alak\\u00edthat. Fedezze fel a t\\u00f6k\\u00e9letes kism\\u00e9ret\\u0171 kivet\\u00edt\\u0151t, amellyel m\\u00e9g ma n\\u00f6velheti sz\\u00f3rakoztat\\u00f3 vagy szakmai ig\\u00e9nyeit.\",\"inLanguage\":\"hu-HU\",\"isPartOf\":{\"@id\":\"https:\\\/\\\/droix.eu\\\/hu\\\/#website\"},\"breadcrumb\":{\"@id\":\"https:\\\/\\\/droix.eu\\\/hu\\\/wp-json\\\/wp\\\/v2\\\/product_cat\\\/40743\\\/#breadcrumblist\"}},{\"@type\":\"Organization\",\"@id\":\"https:\\\/\\\/droix.eu\\\/hu\\\/#organization\",\"name\":\"DroiX \\u2013 Trusted EU Tech Retailer with 12+ Years Experience\",\"description\":\"DroiX is a leading European technology retailer with over 12 years of experience, offering quality mini PCs, handheld gaming consoles, and tech accessories. We provide hassle-free EU delivery with all taxes included, ensuring a smooth and reliable shopping experience for our customers across Europe.\",\"url\":\"https:\\\/\\\/droix.eu\\\/hu\\\/\",\"logo\":{\"@type\":\"ImageObject\",\"url\":\"https:\\\/\\\/droix.eu\\\/wp-content\\\/uploads\\\/2024\\\/06\\\/droix-v2-light-logo.png\",\"@id\":\"https:\\\/\\\/droix.eu\\\/hu\\\/wp-json\\\/wp\\\/v2\\\/product_cat\\\/40743\\\/#organizationLogo\",\"width\":380,\"height\":118},\"image\":{\"@id\":\"https:\\\/\\\/droix.eu\\\/hu\\\/wp-json\\\/wp\\\/v2\\\/product_cat\\\/40743\\\/#organizationLogo\"},\"sameAs\":[\"https:\\\/\\\/www.facebook.com\\\/DroiX.Store\",\"https:\\\/\\\/twitter.com\\\/DroiX_Store\",\"https:\\\/\\\/www.instagram.com\\\/droix.store\\\/\",\"https:\\\/\\\/www.tiktok.com\\\/@droix.store\",\"https:\\\/\\\/www.youtube.com\\\/c\\\/DroiX_Store\",\"https:\\\/\\\/uk.linkedin.com\\\/company\\\/droix\"]},{\"@type\":\"WebSite\",\"@id\":\"https:\\\/\\\/droix.eu\\\/hu\\\/#website\",\"url\":\"https:\\\/\\\/droix.eu\\\/hu\\\/\",\"name\":\"DROIX EU\",\"description\":\"Get the latest Mini PCs, Ultrabook, PC Gaming Handhelds and more!\",\"inLanguage\":\"hu-HU\",\"publisher\":{\"@id\":\"https:\\\/\\\/droix.eu\\\/hu\\\/#organization\"}}]}\n\t\t<\/script>\n\t\t<!-- All in One SEO Pro -->\r\n\t\t<title>Mini projektorok - DROIX EU<\/title>\n\n","aioseo_head_json":{"title":"Mini projektorok - DROIX EU","description":"Tapasztalja meg a hordozhat\u00f3 sz\u00f3rakoztat\u00e1s j\u00f6v\u0151j\u00e9t a legjobb mini kivet\u00edt\u0151kkel. Ezekkel a kompakt \u00e9s nagy teljes\u00edtm\u00e9ny\u0171 eszk\u00f6z\u00f6kkel b\u00e1rhov\u00e1 kiv\u00e1l\u00f3 min\u0151s\u00e9g\u0171 k\u00e9peket \u00e9s vide\u00f3kat vet\u00edthet. Ak\u00e1r \u00fczleti prezent\u00e1ci\u00f3khoz, filmestekhez vagy j\u00e1t\u00e9khoz van sz\u00fcks\u00e9ge egy kism\u00e9ret\u0171 projektorra, mini projektoraink v\u00e1laszt\u00e9ka mindenki sz\u00e1m\u00e1ra k\u00edn\u00e1l valamit. \u00c9lvezze a t\u00e1sk\u00e1j\u00e1ban elf\u00e9r\u0151 hordozhat\u00f3 projektor k\u00e9nyelm\u00e9t, amely k\u00e9szen \u00e1ll arra, hogy egy pillanat alatt leny\u0171g\u00f6z\u0151 l\u00e1tv\u00e1nyt ny\u00fajtson. Miniprojektorainkat a sokoldal\u00fas\u00e1g \u00e9s a k\u00f6nny\u0171 haszn\u00e1lat \u00e9rdek\u00e9ben tervezt\u00fck. Sz\u00e1mos csatlakoztat\u00e1si lehet\u0151s\u00e9ggel rendelkeznek, amelyek biztos\u00edtj\u00e1k a kompatibilit\u00e1st az \u00d6n eszk\u00f6zeivel, \u00e9s olyan funkci\u00f3kat k\u00edn\u00e1lnak, mint a be\u00e9p\u00edtett akkumul\u00e1torok a hosszabb haszn\u00e1lat \u00e9rdek\u00e9ben. Egy mini projektorral b\u00e1rmilyen teret szem\u00e9lyes sz\u00ednh\u00e1zz\u00e1 vagy prezent\u00e1ci\u00f3s szob\u00e1v\u00e1 alak\u00edthat. Fedezze fel a t\u00f6k\u00e9letes kism\u00e9ret\u0171 kivet\u00edt\u0151t, amellyel m\u00e9g ma n\u00f6velheti sz\u00f3rakoztat\u00f3 vagy szakmai ig\u00e9nyeit.","canonical_url":"https:\/\/droix.eu\/hu\/product-category\/mini-projektorok\/","robots":"max-image-preview:large","keywords":"","webmasterTools":{"miscellaneous":""},"schema":{"@context":"https:\/\/schema.org","@graph":[{"@type":"BreadcrumbList","@id":"https:\/\/droix.eu\/hu\/wp-json\/wp\/v2\/product_cat\/40743\/#breadcrumblist","itemListElement":[{"@type":"ListItem","@id":"https:\/\/droix.eu\/hu\/#listItem","position":1,"name":"Home","item":"https:\/\/droix.eu\/hu\/","nextItem":{"@type":"ListItem","@id":"https:\/\/droix.eu\/hu\/product-category\/mini-projektorok\/#listItem","name":"Mini projektorok"}},{"@type":"ListItem","@id":"https:\/\/droix.eu\/hu\/product-category\/mini-projektorok\/#listItem","position":2,"name":"Mini projektorok","previousItem":{"@type":"ListItem","@id":"https:\/\/droix.eu\/hu\/#listItem","name":"Home"}}]},{"@type":"CollectionPage","@id":"https:\/\/droix.eu\/hu\/wp-json\/wp\/v2\/product_cat\/40743\/#collectionpage","url":"https:\/\/droix.eu\/hu\/wp-json\/wp\/v2\/product_cat\/40743\/","name":"Mini projektorok - DROIX EU","description":"Tapasztalja meg a hordozhat\u00f3 sz\u00f3rakoztat\u00e1s j\u00f6v\u0151j\u00e9t a legjobb mini kivet\u00edt\u0151kkel. Ezekkel a kompakt \u00e9s nagy teljes\u00edtm\u00e9ny\u0171 eszk\u00f6z\u00f6kkel b\u00e1rhov\u00e1 kiv\u00e1l\u00f3 min\u0151s\u00e9g\u0171 k\u00e9peket \u00e9s vide\u00f3kat vet\u00edthet. Ak\u00e1r \u00fczleti prezent\u00e1ci\u00f3khoz, filmestekhez vagy j\u00e1t\u00e9khoz van sz\u00fcks\u00e9ge egy kism\u00e9ret\u0171 projektorra, mini projektoraink v\u00e1laszt\u00e9ka mindenki sz\u00e1m\u00e1ra k\u00edn\u00e1l valamit. \u00c9lvezze a t\u00e1sk\u00e1j\u00e1ban elf\u00e9r\u0151 hordozhat\u00f3 projektor k\u00e9nyelm\u00e9t, amely k\u00e9szen \u00e1ll arra, hogy egy pillanat alatt leny\u0171g\u00f6z\u0151 l\u00e1tv\u00e1nyt ny\u00fajtson. Miniprojektorainkat a sokoldal\u00fas\u00e1g \u00e9s a k\u00f6nny\u0171 haszn\u00e1lat \u00e9rdek\u00e9ben tervezt\u00fck. Sz\u00e1mos csatlakoztat\u00e1si lehet\u0151s\u00e9ggel rendelkeznek, amelyek biztos\u00edtj\u00e1k a kompatibilit\u00e1st az \u00d6n eszk\u00f6zeivel, \u00e9s olyan funkci\u00f3kat k\u00edn\u00e1lnak, mint a be\u00e9p\u00edtett akkumul\u00e1torok a hosszabb haszn\u00e1lat \u00e9rdek\u00e9ben. Egy mini projektorral b\u00e1rmilyen teret szem\u00e9lyes sz\u00ednh\u00e1zz\u00e1 vagy prezent\u00e1ci\u00f3s szob\u00e1v\u00e1 alak\u00edthat. Fedezze fel a t\u00f6k\u00e9letes kism\u00e9ret\u0171 kivet\u00edt\u0151t, amellyel m\u00e9g ma n\u00f6velheti sz\u00f3rakoztat\u00f3 vagy szakmai ig\u00e9nyeit.","inLanguage":"hu-HU","isPartOf":{"@id":"https:\/\/droix.eu\/hu\/#website"},"breadcrumb":{"@id":"https:\/\/droix.eu\/hu\/wp-json\/wp\/v2\/product_cat\/40743\/#breadcrumblist"}},{"@type":"Organization","@id":"https:\/\/droix.eu\/hu\/#organization","name":"DroiX \u2013 Trusted EU Tech Retailer with 12+ Years Experience","description":"DroiX is a leading European technology retailer with over 12 years of experience, offering quality mini PCs, handheld gaming consoles, and tech accessories. We provide hassle-free EU delivery with all taxes included, ensuring a smooth and reliable shopping experience for our customers across Europe.","url":"https:\/\/droix.eu\/hu\/","logo":{"@type":"ImageObject","url":"https:\/\/droix.eu\/wp-content\/uploads\/2024\/06\/droix-v2-light-logo.png","@id":"https:\/\/droix.eu\/hu\/wp-json\/wp\/v2\/product_cat\/40743\/#organizationLogo","width":380,"height":118},"image":{"@id":"https:\/\/droix.eu\/hu\/wp-json\/wp\/v2\/product_cat\/40743\/#organizationLogo"},"sameAs":["https:\/\/www.facebook.com\/DroiX.Store","https:\/\/twitter.com\/DroiX_Store","https:\/\/www.instagram.com\/droix.store\/","https:\/\/www.tiktok.com\/@droix.store","https:\/\/www.youtube.com\/c\/DroiX_Store","https:\/\/uk.linkedin.com\/company\/droix"]},{"@type":"WebSite","@id":"https:\/\/droix.eu\/hu\/#website","url":"https:\/\/droix.eu\/hu\/","name":"DROIX EU","description":"Get the latest Mini PCs, Ultrabook, PC Gaming Handhelds and more!","inLanguage":"hu-HU","publisher":{"@id":"https:\/\/droix.eu\/hu\/#organization"}}]},"og:locale":"hu_HU","og:site_name":"DROIX EU - Get the latest Mini PCs, Ultrabook, PC Gaming Handhelds and more!","og:type":"article","og:title":"Mini projektorok - DROIX EU","og:description":"Tapasztalja meg a hordozhat\u00f3 sz\u00f3rakoztat\u00e1s j\u00f6v\u0151j\u00e9t a legjobb mini kivet\u00edt\u0151kkel. Ezekkel a kompakt \u00e9s nagy teljes\u00edtm\u00e9ny\u0171 eszk\u00f6z\u00f6kkel b\u00e1rhov\u00e1 kiv\u00e1l\u00f3 min\u0151s\u00e9g\u0171 k\u00e9peket \u00e9s vide\u00f3kat vet\u00edthet. Ak\u00e1r \u00fczleti prezent\u00e1ci\u00f3khoz, filmestekhez vagy j\u00e1t\u00e9khoz van sz\u00fcks\u00e9ge egy kism\u00e9ret\u0171 projektorra, mini projektoraink v\u00e1laszt\u00e9ka mindenki sz\u00e1m\u00e1ra k\u00edn\u00e1l valamit. \u00c9lvezze a t\u00e1sk\u00e1j\u00e1ban elf\u00e9r\u0151 hordozhat\u00f3 projektor k\u00e9nyelm\u00e9t, amely k\u00e9szen \u00e1ll arra, hogy egy pillanat alatt leny\u0171g\u00f6z\u0151 l\u00e1tv\u00e1nyt ny\u00fajtson. Miniprojektorainkat a sokoldal\u00fas\u00e1g \u00e9s a k\u00f6nny\u0171 haszn\u00e1lat \u00e9rdek\u00e9ben tervezt\u00fck. Sz\u00e1mos csatlakoztat\u00e1si lehet\u0151s\u00e9ggel rendelkeznek, amelyek biztos\u00edtj\u00e1k a kompatibilit\u00e1st az \u00d6n eszk\u00f6zeivel, \u00e9s olyan funkci\u00f3kat k\u00edn\u00e1lnak, mint a be\u00e9p\u00edtett akkumul\u00e1torok a hosszabb haszn\u00e1lat \u00e9rdek\u00e9ben. Egy mini projektorral b\u00e1rmilyen teret szem\u00e9lyes sz\u00ednh\u00e1zz\u00e1 vagy prezent\u00e1ci\u00f3s szob\u00e1v\u00e1 alak\u00edthat. Fedezze fel a t\u00f6k\u00e9letes kism\u00e9ret\u0171 kivet\u00edt\u0151t, amellyel m\u00e9g ma n\u00f6velheti sz\u00f3rakoztat\u00f3 vagy szakmai ig\u00e9nyeit.","og:url":"https:\/\/droix.eu\/hu\/product-category\/mini-projektorok\/","og:image":"https:\/\/stage.droix.eu\/wp-content\/uploads\/2024\/06\/droix-v2-light-logo.png","og:image:secure_url":"https:\/\/stage.droix.eu\/wp-content\/uploads\/2024\/06\/droix-v2-light-logo.png","article:publisher":"https:\/\/www.facebook.com\/DroiX.Store","twitter:card":"summary_large_image","twitter:site":"@DroiX_Store","twitter:title":"Mini projektorok - DROIX EU","twitter:description":"Tapasztalja meg a hordozhat\u00f3 sz\u00f3rakoztat\u00e1s j\u00f6v\u0151j\u00e9t a legjobb mini kivet\u00edt\u0151kkel. Ezekkel a kompakt \u00e9s nagy teljes\u00edtm\u00e9ny\u0171 eszk\u00f6z\u00f6kkel b\u00e1rhov\u00e1 kiv\u00e1l\u00f3 min\u0151s\u00e9g\u0171 k\u00e9peket \u00e9s vide\u00f3kat vet\u00edthet. Ak\u00e1r \u00fczleti prezent\u00e1ci\u00f3khoz, filmestekhez vagy j\u00e1t\u00e9khoz van sz\u00fcks\u00e9ge egy kism\u00e9ret\u0171 projektorra, mini projektoraink v\u00e1laszt\u00e9ka mindenki sz\u00e1m\u00e1ra k\u00edn\u00e1l valamit. \u00c9lvezze a t\u00e1sk\u00e1j\u00e1ban elf\u00e9r\u0151 hordozhat\u00f3 projektor k\u00e9nyelm\u00e9t, amely k\u00e9szen \u00e1ll arra, hogy egy pillanat alatt leny\u0171g\u00f6z\u0151 l\u00e1tv\u00e1nyt ny\u00fajtson. Miniprojektorainkat a sokoldal\u00fas\u00e1g \u00e9s a k\u00f6nny\u0171 haszn\u00e1lat \u00e9rdek\u00e9ben tervezt\u00fck. Sz\u00e1mos csatlakoztat\u00e1si lehet\u0151s\u00e9ggel rendelkeznek, amelyek biztos\u00edtj\u00e1k a kompatibilit\u00e1st az \u00d6n eszk\u00f6zeivel, \u00e9s olyan funkci\u00f3kat k\u00edn\u00e1lnak, mint a be\u00e9p\u00edtett akkumul\u00e1torok a hosszabb haszn\u00e1lat \u00e9rdek\u00e9ben. Egy mini projektorral b\u00e1rmilyen teret szem\u00e9lyes sz\u00ednh\u00e1zz\u00e1 vagy prezent\u00e1ci\u00f3s szob\u00e1v\u00e1 alak\u00edthat. Fedezze fel a t\u00f6k\u00e9letes kism\u00e9ret\u0171 kivet\u00edt\u0151t, amellyel m\u00e9g ma n\u00f6velheti sz\u00f3rakoztat\u00f3 vagy szakmai ig\u00e9nyeit.","twitter:image":"https:\/\/stage.droix.eu\/wp-content\/uploads\/2024\/06\/droix-v2-light-logo.png"},"aioseo_meta_data":{"term_id":"40743","title":null,"description":null,"keywords":null,"canonical_url":null,"og_title":null,"og_description":null,"og_object_type":"default","og_image_type":"default","og_image_url":null,"og_image_width":null,"og_image_height":null,"og_image_custom_url":null,"og_image_custom_fields":null,"og_video":null,"og_custom_url":null,"og_article_section":null,"og_article_tags":null,"twitter_use_og":false,"twitter_card":"default","twitter_image_type":"default","twitter_image_url":null,"twitter_image_custom_url":null,"twitter_image_custom_fields":null,"twitter_title":null,"twitter_description":null,"pillar_content":null,"robots_default":true,"robots_noindex":false,"robots_noarchive":false,"robots_nosnippet":false,"robots_nofollow":false,"robots_noimageindex":false,"robots_noodp":false,"robots_notranslate":false,"robots_max_snippet":null,"robots_max_videopreview":null,"robots_max_imagepreview":"large","priority":null,"frequency":null,"local_seo":null,"seo_analyzer_scan_date":"2025-09-17 03:35:44","breadcrumb_settings":null,"created":"2025-09-17 03:35:44","updated":"2025-09-17 03:35:44"},"aioseo_breadcrumb":"<div class=\"aioseo-breadcrumbs\"><span class=\"aioseo-breadcrumb\">\n\t<a href=\"https:\/\/droix.eu\/hu\/\" title=\"Home\">Home<\/a>\n<\/span><span class=\"aioseo-breadcrumb-separator\">&raquo;<\/span><span class=\"aioseo-breadcrumb\">\n\tMini projektorok\n<\/span><\/div>","aioseo_breadcrumb_json":[{"label":"Home","link":"https:\/\/droix.eu\/hu\/"},{"label":"Mini projektorok","link":"https:\/\/droix.eu\/hu\/product-category\/mini-projektorok\/"}],"_links":{"self":[{"href":"https:\/\/droix.eu\/hu\/wp-json\/wp\/v2\/product_cat\/40743","targetHints":{"allow":["GET"]}}],"collection":[{"href":"https:\/\/droix.eu\/hu\/wp-json\/wp\/v2\/product_cat"}],"about":[{"href":"https:\/\/droix.eu\/hu\/wp-json\/wp\/v2\/taxonomies\/product_cat"}],"wp:post_type":[{"href":"https:\/\/droix.eu\/hu\/wp-json\/wp\/v2\/product?product_cat=40743"}],"curies":[{"name":"wp","href":"https:\/\/api.w.org\/{rel}","templated":true}]}}